{"id":312,"date":"2022-01-23T21:57:58","date_gmt":"2022-01-23T21:57:58","guid":{"rendered":"https:\/\/soulvida.e-crie.com\/?p=312"},"modified":"2022-01-24T00:26:46","modified_gmt":"2022-01-24T00:26:46","slug":"a-corrida-por-testagem-da-covid-nas-ubss","status":"publish","type":"post","link":"https:\/\/radiosoulvidafm.com.br\/index.php\/2022\/01\/23\/a-corrida-por-testagem-da-covid-nas-ubss\/","title":{"rendered":"A CORRIDA POR TESTAGEM DA COVID NAS UBSs"},"content":{"rendered":"<div class='flex_column av-17s4zc-ca30d9b929b6192a2c7f3f6a37830768 av_one_full  avia-builder-el-0  el_before_av_four_fifth  avia-builder-el-first  first flex_column_div '   ><section  class='av_textblock_section av-kyrsnxax-ebfa338aa1953bce69cbe8065f246656 '  itemscope=\"itemscope\" itemtype=\"https:\/\/schema.org\/BlogPosting\" itemprop=\"blogPost\" ><div class='avia_textblock '  itemprop=\"text\" ><h2>A CORRIDA POR TESTAGEM DA COVID NAS UBSs<\/h2>\n<p>Com o aumento de casos de covid, moradores de Guaianases preocupados com sintomas procuram testagem nas UBSs.<br \/>\nComo ocorre diariamente na UBS Jd Soares. Muitas pessoas t\u00eam procurado a unidade para realizar testes e tomar vacinas, tanto da Covid quanto da Influenza. A maioria chega com sintomas por ter contato com familiares e amigos que est\u00e3o com a covid, como aconteceu com a Priscila da Silva.<br \/>\nCom 30 anos, casada, Priscila estava na UBS, acompanhada dos dois filhos menores, um de quatro e o outro de oito anos. Ela disse ter contato sem m\u00e1scara com dois familiares que testaram positivo para covid, primeiro o tio depois a irm\u00e3, que trabalha em hospital e est\u00e1 com sintomas.<br \/>\nAmbos vacinados, o tio e a Priscila ainda n\u00e3o tinham se imunizado com a terceira dose, j\u00e1 a irm\u00e3 que trabalha em hospital, mesmo com a dose de refor\u00e7o pegou a Covid.\/<br \/>\nNo momento que as doen\u00e7as respirat\u00f3rias avan\u00e7am descontroladamente, conforme dados do Minist\u00e9rio da Sa\u00fade e Secretarias da Sa\u00fade do estado e da prefeitura, a procura para testagem nas UBSs crescem diariamente.<br \/>\nPriscila afirma que mant\u00e9m os cuidados com a fam\u00edlia, ela disse manter todos com m\u00e1scara dentro de casa enquanto n\u00e3o tem o resultado da testagem. Ela ressalta que dos dois filhos, o que tem quatro \u00e9 o \u00fanico que n\u00e3o ser\u00e1 vacinado. Para a m\u00e3e das duas crian\u00e7as, que j\u00e1 completou o esquema vacinal, ela defende a import\u00e2ncia da imuniza\u00e7\u00e3o contra a Covid para proteger os filhos.<br \/>\n\u201cMinha irm\u00e3 mais velha acabou pegando Covid, trabalhando no hospital. Como na ter\u00e7a-feira eu fui visit\u00e1-la sem m\u00e1scara, n\u00e3o passei nem \u00e1lcool na m\u00e3o, foi um erro meu. E hoje como acordei com o nariz entupido , com um pouco de tosse, eu preferi vir aqui no posto fazer o teste. L\u00e1 em casa t\u00e1 todo mundo vacinado, menos as crian\u00e7as, mas todo mundo tomou a dose de refor\u00e7o.\u201d<\/p>\n<p><em>REPORTAGEM POR: M\u00c1RCIA BRASIL<\/em><\/p>\n<p>Este projeto foi realizado com o apoio da 5a Edi\u00e7\u00e3o do Programa Municipal de Fomento ao Servi\u00e7o de Radiodifus\u00e3o Comunit\u00e1ria Para a Cidade de S\u00e3o Paulo<\/p>\n<\/div><\/section><\/div><div class='flex_column av-40954-f29648c829ad4c237fc87e8e71e5fd75 av_four_fifth  avia-builder-el-2  el_after_av_one_full  el_before_av_hr  first flex_column_div column-top-margin'   ><style type=\"text\/css\" data-created_by=\"avia_inline_auto\" id=\"style-css-av-kyrsry1d-f9c2f19be76c51d5c9fc22d35d544e34\">\n#top .av-special-heading.av-kyrsry1d-f9c2f19be76c51d5c9fc22d35d544e34{\npadding-bottom:10px;\n}\n<\/style>\n<div  class='av-special-heading av-kyrsry1d-f9c2f19be76c51d5c9fc22d35d544e34 av-special-heading-h3  avia-builder-el-3  avia-builder-el-no-sibling  '><h3 class='av-special-heading-tag '  itemprop=\"headline\"  >Informativo: A CORRIDA POR TESTAGEM DA COVID NAS UBSs<\/h3><div class='special-heading-border'><div class='special-heading-inner-border'><\/div><\/div><\/div><\/div><\/p>\n\n<style type=\"text\/css\" data-created_by=\"avia_inline_auto\" id=\"style-css-av-kyrstozc-9ab7b9c0080a25afe25461381b57d0ce\">\n#top .hr.hr-invisible.av-kyrstozc-9ab7b9c0080a25afe25461381b57d0ce{\nheight:20px;\n}\n<\/style>\n<div  class='hr av-kyrstozc-9ab7b9c0080a25afe25461381b57d0ce hr-invisible  avia-builder-el-4  el_after_av_four_fifth  el_before_av_four_fifth  '><span class='hr-inner '><span class=\"hr-inner-style\"><\/span><\/span><\/div>\n<div class='flex_column av-wkfsw-f82ea2315e601cdba3c5e9e91edaf13b av_four_fifth  avia-builder-el-5  el_after_av_hr  el_before_av_hr  first flex_column_div '   ><div id=\"av_player-1\" class=\"av-player av-player-container av-kyrssz5w-a444aa62ca33ae9967f4134d7409c139 avia-playerstyle-classic av_player-1  avia-builder-el-6  avia-builder-el-no-sibling  first avia-playlist-hide-cover \"><div class=\"av-player-player-container\"><div class=\"wp-playlist wp-audio-playlist wp-playlist-light\">\n\t\t\t<div class=\"wp-playlist-current-item\"><\/div>\n\t\t<audio controls=\"controls\" preload=\"none\" width=\"1478\"\n\t\t\t><\/audio>\n\t<div class=\"wp-playlist-next\"><\/div>\n\t<div class=\"wp-playlist-prev\"><\/div>\n\t<noscript>\n\t<ol>\n\t\t<li><a href='https:\/\/radiosoulvidafm.com.br\/wp-content\/uploads\/2022\/01\/4-NOTICIA-Cresce-a-corrida-por-testagem-nos-postos-de-saude-de-Guaianases-PRINCESA.mp3'>4-NOTICIA- Cresce a corrida por testagem nos postos de sa\u00fade de Guaianases-PRINCESA<\/a><\/li>\t<\/ol>\n\t<\/noscript>\n\t<script type=\"application\/json\" class=\"wp-playlist-script\">{\"type\":\"audio\",\"tracklist\":true,\"tracknumbers\":true,\"images\":true,\"artists\":true,\"tracks\":[{\"src\":\"https:\/\/radiosoulvidafm.com.br\/wp-content\/uploads\/2022\/01\/4-NOTICIA-Cresce-a-corrida-por-testagem-nos-postos-de-saude-de-Guaianases-PRINCESA.mp3\",\"type\":\"audio\/mpeg\",\"title\":\"4-NOTICIA- Cresce a corrida por testagem nos postos de sa\\u00fade de Guaianases-PRINCESA\",\"caption\":\"\",\"description\":\"\\\"4-NOTICIA- Cresce a corrida por testagem nos postos de sa\\u00fade de Guaianases-PRINCESA\\\". Released: 2022.\",\"meta\":{\"year\":\"2022\",\"length_formatted\":\"3:03\"},\"image\":{\"src\":\"https:\/\/radiosoulvidafm.com.br\/wp-content\/uploads\/2022\/01\/3-NOTICIA-GUAIANASES-LIDERA-RANKING-DE-FEMINICIDIO-EM-SAO-PAULO-mp3-image.jpg\",\"width\":1200,\"height\":800},\"thumb\":{\"src\":\"https:\/\/radiosoulvidafm.com.br\/wp-content\/uploads\/2022\/01\/3-NOTICIA-GUAIANASES-LIDERA-RANKING-DE-FEMINICIDIO-EM-SAO-PAULO-mp3-image-80x80.jpg\",\"width\":80,\"height\":80}}]}<\/script>\n<\/div>\n\t<\/div><\/div><\/div>\n\n<style type=\"text\/css\" data-created_by=\"avia_inline_auto\" id=\"style-css-av-kyrsuec6-3f05735d5f373ad4b8412f6f333f4993\">\n#top .hr.hr-invisible.av-kyrsuec6-3f05735d5f373ad4b8412f6f333f4993{\nheight:50px;\n}\n<\/style>\n<div  class='hr av-kyrsuec6-3f05735d5f373ad4b8412f6f333f4993 hr-invisible  avia-builder-el-7  el_after_av_four_fifth  el_before_av_four_fifth  '><span class='hr-inner '><span class=\"hr-inner-style\"><\/span><\/span><\/div>\n<div class='flex_column av-mkttc-8c6085cbac037eb0dde68dc7309abe88 av_four_fifth  avia-builder-el-8  el_after_av_hr  el_before_av_hr  first flex_column_div '   ><style type=\"text\/css\" data-created_by=\"avia_inline_auto\" id=\"style-css-av-kyrsuquk-58bd195e06b64050b2650fd0a3001d3c\">\n#top .av-special-heading.av-kyrsuquk-58bd195e06b64050b2650fd0a3001d3c{\npadding-bottom:10px;\n}\n<\/style>\n<div  class='av-special-heading av-kyrsuquk-58bd195e06b64050b2650fd0a3001d3c av-special-heading-h3  avia-builder-el-9  avia-builder-el-no-sibling  '><h3 class='av-special-heading-tag '  itemprop=\"headline\"  >V\u00eddeo: A CORRIDA POR TESTAGEM DA COVID NAS UBSs<\/h3><div class='special-heading-border'><div class='special-heading-inner-border'><\/div><\/div><\/div><\/div>\n\n<style type=\"text\/css\" data-created_by=\"avia_inline_auto\" id=\"style-css-av-g5u88-32db44fe21a49fd785ed84b95cd82979\">\n#top .hr.hr-invisible.av-g5u88-32db44fe21a49fd785ed84b95cd82979{\nheight:20px;\n}\n<\/style>\n<div  class='hr av-g5u88-32db44fe21a49fd785ed84b95cd82979 hr-invisible  avia-builder-el-10  el_after_av_four_fifth  el_before_av_four_fifth  '><span class='hr-inner '><span class=\"hr-inner-style\"><\/span><\/span><\/div>\n<div class='flex_column av-bruq8-f5ee74b4a4f836d7b370a06d55066e8c av_four_fifth  avia-builder-el-11  el_after_av_hr  avia-builder-el-last  first flex_column_div '   ><style type=\"text\/css\" data-created_by=\"avia_inline_auto\" id=\"style-css-av-kyrsyiq0-31775f956097fe54897b28bac25376bf\">\n.avia-video.av-kyrsyiq0-31775f956097fe54897b28bac25376bf{\nbackground-image:url(https:\/\/radiosoulvidafm.com.br\/wp-content\/uploads\/2022\/01\/central_de_noticiais-1.jpg);\n}\n<\/style>\n<div  class='avia-video av-kyrsyiq0-31775f956097fe54897b28bac25376bf avia-video-4-3 avia-video-html5 '  itemprop=\"video\" itemtype=\"https:\/\/schema.org\/VideoObject\"  data-original_url='https:\/\/soulvida.e-crie.com\/wp-content\/uploads\/2022\/01\/4-VIDEO-Cresce-a-corrida-por-testagem-nos-postos-de-saude-de-Guaianases-PRINCESA.mp4'><video class='avia_video' poster=\"https:\/\/radiosoulvidafm.com.br\/wp-content\/uploads\/2022\/01\/central_de_noticiais-1.jpg\"   preload=\"auto\"  controls id='player_312_1255217115_669547729'><source src=\"https:\/\/soulvida.e-crie.com\/wp-content\/uploads\/2022\/01\/4-VIDEO-Cresce-a-corrida-por-testagem-nos-postos-de-saude-de-Guaianases-PRINCESA.mp4\" type=\"video\/mp4\" \/><\/video><\/div><\/div>\n","protected":false},"excerpt":{"rendered":"<p>Com o aumento de casos de covid, moradores de Guaianases preocupados com sintomas procuram testagem nas UBSs.<\/p>\n","protected":false},"author":1,"featured_media":305,"comment_status":"open","ping_status":"open","sticky":false,"template":"","format":"standard","meta":{"footnotes":""},"categories":[2],"tags":[],"class_list":["post-312","post","type-post","status-publish","format-standard","has-post-thumbnail","hentry","category-noticias"],"_links":{"self":[{"href":"https:\/\/radiosoulvidafm.com.br\/index.php\/wp-json\/wp\/v2\/posts\/312","targetHints":{"allow":["GET"]}}],"collection":[{"href":"https:\/\/radiosoulvidafm.com.br\/index.php\/wp-json\/wp\/v2\/posts"}],"about":[{"href":"https:\/\/radiosoulvidafm.com.br\/index.php\/wp-json\/wp\/v2\/types\/post"}],"author":[{"embeddable":true,"href":"https:\/\/radiosoulvidafm.com.br\/index.php\/wp-json\/wp\/v2\/users\/1"}],"replies":[{"embeddable":true,"href":"https:\/\/radiosoulvidafm.com.br\/index.php\/wp-json\/wp\/v2\/comments?post=312"}],"version-history":[{"count":2,"href":"https:\/\/radiosoulvidafm.com.br\/index.php\/wp-json\/wp\/v2\/posts\/312\/revisions"}],"predecessor-version":[{"id":325,"href":"https:\/\/radiosoulvidafm.com.br\/index.php\/wp-json\/wp\/v2\/posts\/312\/revisions\/325"}],"wp:featuredmedia":[{"embeddable":true,"href":"https:\/\/radiosoulvidafm.com.br\/index.php\/wp-json\/wp\/v2\/media\/305"}],"wp:attachment":[{"href":"https:\/\/radiosoulvidafm.com.br\/index.php\/wp-json\/wp\/v2\/media?parent=312"}],"wp:term":[{"taxonomy":"category","embeddable":true,"href":"https:\/\/radiosoulvidafm.com.br\/index.php\/wp-json\/wp\/v2\/categories?post=312"},{"taxonomy":"post_tag","embeddable":true,"href":"https:\/\/radiosoulvidafm.com.br\/index.php\/wp-json\/wp\/v2\/tags?post=312"}],"curies":[{"name":"wp","href":"https:\/\/api.w.org\/{rel}","templated":true}]}}