{"id":634,"date":"2023-03-03T23:05:33","date_gmt":"2023-03-03T23:05:33","guid":{"rendered":"https:\/\/radiosoulvidafm.com.br\/?p=634"},"modified":"2023-03-03T23:05:33","modified_gmt":"2023-03-03T23:05:33","slug":"garoto-de-10-anos-foi-arrastado-por-enxurrada-em-guaianases","status":"publish","type":"post","link":"https:\/\/radiosoulvidafm.com.br\/index.php\/2023\/03\/03\/garoto-de-10-anos-foi-arrastado-por-enxurrada-em-guaianases\/","title":{"rendered":"Garoto de 10 anos foi arrastado por enxurrada em Guaianases"},"content":{"rendered":"<div class='flex_column av-av_one_full-a93934ecd89fbb8a9566d39e89cd3725 av_one_full  avia-builder-el-0  el_before_av_hr  avia-builder-el-first  first flex_column_div '   ><section  class='av_textblock_section av-let55rhl-faf5ccad46c68c22851a05ab2396074f '  itemscope=\"itemscope\" itemtype=\"https:\/\/schema.org\/BlogPosting\" itemprop=\"blogPost\" ><div class='avia_textblock '  itemprop=\"text\" ><h2>Garoto de 10 anos foi arrastado por enxurrada em Guaianases<\/h2>\n<h4>Crian\u00e7a desapareceu durante forte temporal na regi\u00e3o<\/h4>\n<p>Em Lajeado, zona leste, os bombeiros procuraram uma crian\u00e7a de 10 anos por dois dias ap\u00f3s ter sido arrastada pela correnteza do Rio Itaquera-Mirim. De acordo com a m\u00e3e, seu filho teria sido levado pela chuva.<\/p>\n<p>Equipes de bombeiros procuraram o Adam, de 10 anos, que desapareceu no final da tarde do dia 12 de fevereiro, domingo. Segundo a m\u00e3e, ele estava brincando na rua com algumas crian\u00e7as, quando uma forte tempestade no local fez subir rapidamente o n\u00edvel do rio.<\/p>\n<p>Moradores relataram que o garoto foi atr\u00e1s de um pacote, mas se desequilibrou e caiu no curso do rio, sem prote\u00e7\u00e3o, sendo arrastado no c\u00f3rrego. Outros afirmaram que uma pessoa tentou jogar uma corda para resgatar a crian\u00e7a, e n\u00e3o teve sucesso. Conforme relatos, o local sofre transbordamento do c\u00f3rrego h\u00e1 mais de 50 anos sem solu\u00e7\u00e3o e j\u00e1 fez v\u00e1rias v\u00edtimas levadas pelas \u00e1guas, algumas resgatadas. O n\u00edvel da \u00e1gua sobe muito e causa diversos transtornos, inunda\u00e7\u00f5es nas casas e com\u00e9rcios, perdas dos autom\u00f3veis. Dagmar relatou sua triste hist\u00f3ria: \u201cFoi tudo embora com a enchente, a enchente pegou muito alto e quando abri a porta, levou tudo\u201d.<\/p>\n<p>O Corpo de Bombeiros procurou a crian\u00e7a por terra e \u00e1gua, \u00e0 p\u00e9 nas margens do rio, com botes infl\u00e1veis e por helic\u00f3ptero . As equipes separadas circularam pela regi\u00e3o, que retomaram as buscas na segunda-feira, dia 13 de fevereiro. Segundo a corpora\u00e7\u00e3o, o pequeno Adan Silva brincava com outros tr\u00eas amigos e voltava para casa. Ele carregava uma sacola, que caiu no c\u00f3rrego Itaquera-Mirim, pr\u00f3ximo \u00e0 avenida Jos\u00e9 Pinheiro Borges.<\/p>\n<p>Ap\u00f3s as buscas, o corpo do garoto foi encontrado no Parque Ecol\u00f3gico do Tiet\u00ea, pelo Corpo de Bombeiro, na segunda-feira, dia 13 de fevereiro. Na nota, a corpora\u00e7\u00e3o esclareceu em redes sociais que Adam tinha ca\u00eddo no C\u00f3rrego Ribeir\u00e3o Itaquera-Mirim quando chovia forte.<\/p>\n<p>A Subprefeitura de Guaianases, diante do epis\u00f3dio, esclareceu que realiza a\u00e7\u00f5es com a Secretaria de Obras, atrav\u00e9s de emenda parlamentar da C\u00e2mara Municipal de S\u00e3o Paulo ,Plano Preventivo de Chuvas de Ver\u00e3o, contra as enchentes em Lajeado, Jardim Aurora e Guaianases.<\/p>\n<p>De acordo com a Subprefeitura, nove obras de conten\u00e7\u00e3o nos c\u00f3rregos da regi\u00e3o s\u00e3o realizadas simultaneamente, principalmente no c\u00f3rrego Itaquera-Mirim, local onde o garoto Adam e outras v\u00edtimas foram arrastadas por correntezas em per\u00edodos de forte chuva.<\/p>\n<p>A subprefeitura enfatiza que, al\u00e9m das obras, as equipes seguem com a\u00e7\u00f5es de limpeza manual e mec\u00e2nica. Ressalta, ainda, que a solicita\u00e7\u00e3o dos servi\u00e7os de zeladoria\/obras pode ser feita pelos canais de atendimento do 156 (telefone ou portal). Caso tenha algum protocolo em aberto, entre em contato com o setor de servi\u00e7os para encaminhar junto ao setor respons\u00e1vel.<\/p>\n<p>A Central de Not\u00edcias da R\u00e1dio PRINCESA ISABEL \u00e9 uma iniciativa do Projeto Literatura Marginal: os escritores da periferia. Este projeto foi realizado com o apoio da 6\u00aa Edi\u00e7\u00e3o do Programa Municipal de Fomento ao Servi\u00e7o de Radiodifus\u00e3o Comunit\u00e1ria Para a Cidade de S\u00e3o Paulo.<\/p>\n<p>Os conte\u00fados ditos pelos entrevistados n\u00e3o refletem a opini\u00e3o da emissora.<\/p>\n<p><em>Reportagem: M\u00e1rcia Brasil<\/em><br \/>\n<em>Fonte: Corpo de Bombeiros\/ CGE\/ Subprefeitura de Guaianases\/ Secretaria de Obras da prefeitura de S\u00e3o Paulo \/ Redes Sociais<\/em><br \/>\n<em>Imagens: M\u00e1rcia Brasil\/ Secretaria de Obras de SP\/ Redes Sociais<\/em><\/p>\n<\/div><\/section><\/div><div  class='hr av-av_hr-91d7ccd583a503147498e120fee2ff9b hr-default  avia-builder-el-2  el_after_av_one_full  el_before_av_four_fifth  '><span class='hr-inner '><span class=\"hr-inner-style\"><\/span><\/span><\/div><\/p>\n<div class='flex_column av-av_four_fifth-a93934ecd89fbb8a9566d39e89cd3725 av_four_fifth  avia-builder-el-3  el_after_av_hr  el_before_av_hr  first flex_column_div '   ><p>\n<style type=\"text\/css\" data-created_by=\"avia_inline_auto\" id=\"style-css-av-let4y7vr-bead8730f8f989d750688fdf66d91ecd\">\n#top .av-special-heading.av-let4y7vr-bead8730f8f989d750688fdf66d91ecd{\npadding-bottom:10px;\n}\n<\/style>\n<div  class='av-special-heading av-let4y7vr-bead8730f8f989d750688fdf66d91ecd av-special-heading-h3  avia-builder-el-4  el_before_av_hr  avia-builder-el-first  '><h3 class='av-special-heading-tag '  itemprop=\"headline\"  >V\u00cdDEO: Garoto de 10 anos foi arrastado por enxurrada em Guaianases<\/h3><div class='special-heading-border'><div class='special-heading-inner-border'><\/div><\/div><\/div><br \/>\n\n<style type=\"text\/css\" data-created_by=\"avia_inline_auto\" id=\"style-css-av-av_hr-af89a52d51412774536fa272e468f7cd\">\n#top .hr.hr-invisible.av-av_hr-af89a52d51412774536fa272e468f7cd{\nheight:30px;\n}\n<\/style>\n<div  class='hr av-av_hr-af89a52d51412774536fa272e468f7cd hr-invisible  avia-builder-el-5  el_after_av_heading  el_before_av_video  '><span class='hr-inner '><span class=\"hr-inner-style\"><\/span><\/span><\/div><br \/>\n\n<style type=\"text\/css\" data-created_by=\"avia_inline_auto\" id=\"style-css-av-let57bg1-6b8982e659f64614db69690c0c593a5f\">\n.avia-video.av-let57bg1-6b8982e659f64614db69690c0c593a5f{\nbackground-image:url(https:\/\/radiosoulvidafm.com.br\/wp-content\/uploads\/2022\/01\/central_de_noticiais-1.jpg);\n}\n<\/style>\n<div  class='avia-video av-let57bg1-6b8982e659f64614db69690c0c593a5f avia-video-16-9 av-lazyload-immediate av-lazyload-video-embed '  itemprop=\"video\" itemtype=\"https:\/\/schema.org\/VideoObject\"  data-original_url='https:\/\/radiosoulvidafm.com.br\/wp-content\/uploads\/2023\/03\/11-noticia-Garoto-de-10-anos-foi-arrastado-por-enxurrada-emGuaianases_soulvida.mov'><script type='text\/html' class='av-video-tmpl'><a href=\"https:\/\/radiosoulvidafm.com.br\/wp-content\/uploads\/2023\/03\/11-noticia-Garoto-de-10-anos-foi-arrastado-por-enxurrada-emGuaianases_soulvida.mov\">https:\/\/radiosoulvidafm.com.br\/wp-content\/uploads\/2023\/03\/11-noticia-Garoto-de-10-anos-foi-arrastado-por-enxurrada-emGuaianases_soulvida.mov<\/a><\/script><div class='av-click-to-play-overlay'><div class=\"avia_playpause_icon\"><\/div><\/div><\/div><\/p><\/div><div  class='hr av-av_hr-91d7ccd583a503147498e120fee2ff9b hr-default  avia-builder-el-7  el_after_av_four_fifth  el_before_av_four_fifth  '><span class='hr-inner '><span class=\"hr-inner-style\"><\/span><\/span><\/div><\/p>\n<div class='flex_column av-av_four_fifth-a93934ecd89fbb8a9566d39e89cd3725 av_four_fifth  avia-builder-el-8  el_after_av_hr  avia-builder-el-last  first flex_column_div '   ><p>\n<style type=\"text\/css\" data-created_by=\"avia_inline_auto\" id=\"style-css-av-let4yivf-087d725c4c1e79f577f07a7956c751ab\">\n#top .av-special-heading.av-let4yivf-087d725c4c1e79f577f07a7956c751ab{\npadding-bottom:10px;\n}\n<\/style>\n<div  class='av-special-heading av-let4yivf-087d725c4c1e79f577f07a7956c751ab av-special-heading-h3  avia-builder-el-9  el_before_av_hr  avia-builder-el-first  '><h3 class='av-special-heading-tag '  itemprop=\"headline\"  >INFORMATIVO: Garoto de 10 anos foi arrastado por enxurrada em Guaianases <\/h3><div class='special-heading-border'><div class='special-heading-inner-border'><\/div><\/div><\/div><br \/>\n\n<style type=\"text\/css\" data-created_by=\"avia_inline_auto\" id=\"style-css-av-av_hr-af89a52d51412774536fa272e468f7cd\">\n#top .hr.hr-invisible.av-av_hr-af89a52d51412774536fa272e468f7cd{\nheight:30px;\n}\n<\/style>\n<div  class='hr av-av_hr-af89a52d51412774536fa272e468f7cd hr-invisible  avia-builder-el-10  el_after_av_heading  el_before_av_player  '><span class='hr-inner '><span class=\"hr-inner-style\"><\/span><\/span><\/div><br \/>\n<div id=\"av_player-1\" class=\"av-player av-player-container av-let58gen-128de9016fdfd6758e7704fe072a0da4 avia-playerstyle-classic av_player-1  avia-builder-el-11  el_after_av_hr  avia-builder-el-last  first avia-playlist-hide-cover \"><div class=\"av-player-player-container\"><div class=\"wp-playlist wp-audio-playlist wp-playlist-light\">\n\t\t\t<div class=\"wp-playlist-current-item\"><\/div>\n\t\t<audio controls=\"controls\" preload=\"none\" width=\"1478\"\n\t\t\t><\/audio>\n\t<div class=\"wp-playlist-next\"><\/div>\n\t<div class=\"wp-playlist-prev\"><\/div>\n\t<noscript>\n\t<ol>\n\t\t<li><a href='https:\/\/radiosoulvidafm.com.br\/wp-content\/uploads\/2023\/03\/11-noticia-Garoto-de-10-anos-foi-arrastado-por-enxurrada-emGuaianases.mp3'>OU\u00c7A-noticia-Garoto de 10 anos foi arrastado por enxurrada em Guaianases<\/a><\/li>\t<\/ol>\n\t<\/noscript>\n\t<script type=\"application\/json\" class=\"wp-playlist-script\">{\"type\":\"audio\",\"tracklist\":true,\"tracknumbers\":true,\"images\":true,\"artists\":true,\"tracks\":[{\"src\":\"https:\/\/radiosoulvidafm.com.br\/wp-content\/uploads\/2023\/03\/11-noticia-Garoto-de-10-anos-foi-arrastado-por-enxurrada-emGuaianases.mp3\",\"type\":\"audio\/mpeg\",\"title\":\"OU\\u00c7A-noticia-Garoto de 10 anos foi arrastado por enxurrada em Guaianases\",\"caption\":\"\",\"description\":\"\\\"11-noticia-Garoto de 10 anos foi arrastado por enxurrada emGuaianases\\\". Genre: Other.\",\"meta\":{\"genre\":\"Other\",\"length_formatted\":\"2:14\"},\"image\":{\"src\":\"https:\/\/radiosoulvidafm.com.br\/wp-includes\/images\/media\/audio.svg\",\"width\":48,\"height\":64},\"thumb\":{\"src\":\"https:\/\/radiosoulvidafm.com.br\/wp-includes\/images\/media\/audio.svg\",\"width\":48,\"height\":64}}]}<\/script>\n<\/div>\n\t<\/div><\/div><\/p><\/div>\n","protected":false},"excerpt":{"rendered":"<p>Em Lajeado, zona leste, os bombeiros procuraram uma crian\u00e7a de 10 anos por dois dias ap\u00f3s ter sido arrastada pela correnteza do Rio Itaquera-Mirim. De acordo com a m\u00e3e, seu filho teria sido levado pela chuva.<\/p>\n","protected":false},"author":1,"featured_media":305,"comment_status":"open","ping_status":"open","sticky":false,"template":"","format":"standard","meta":{"footnotes":""},"categories":[2],"tags":[],"class_list":["post-634","post","type-post","status-publish","format-standard","has-post-thumbnail","hentry","category-noticias"],"_links":{"self":[{"href":"https:\/\/radiosoulvidafm.com.br\/index.php\/wp-json\/wp\/v2\/posts\/634","targetHints":{"allow":["GET"]}}],"collection":[{"href":"https:\/\/radiosoulvidafm.com.br\/index.php\/wp-json\/wp\/v2\/posts"}],"about":[{"href":"https:\/\/radiosoulvidafm.com.br\/index.php\/wp-json\/wp\/v2\/types\/post"}],"author":[{"embeddable":true,"href":"https:\/\/radiosoulvidafm.com.br\/index.php\/wp-json\/wp\/v2\/users\/1"}],"replies":[{"embeddable":true,"href":"https:\/\/radiosoulvidafm.com.br\/index.php\/wp-json\/wp\/v2\/comments?post=634"}],"version-history":[{"count":1,"href":"https:\/\/radiosoulvidafm.com.br\/index.php\/wp-json\/wp\/v2\/posts\/634\/revisions"}],"predecessor-version":[{"id":637,"href":"https:\/\/radiosoulvidafm.com.br\/index.php\/wp-json\/wp\/v2\/posts\/634\/revisions\/637"}],"wp:featuredmedia":[{"embeddable":true,"href":"https:\/\/radiosoulvidafm.com.br\/index.php\/wp-json\/wp\/v2\/media\/305"}],"wp:attachment":[{"href":"https:\/\/radiosoulvidafm.com.br\/index.php\/wp-json\/wp\/v2\/media?parent=634"}],"wp:term":[{"taxonomy":"category","embeddable":true,"href":"https:\/\/radiosoulvidafm.com.br\/index.php\/wp-json\/wp\/v2\/categories?post=634"},{"taxonomy":"post_tag","embeddable":true,"href":"https:\/\/radiosoulvidafm.com.br\/index.php\/wp-json\/wp\/v2\/tags?post=634"}],"curies":[{"name":"wp","href":"https:\/\/api.w.org\/{rel}","templated":true}]}}