{"id":724,"date":"2023-08-08T20:23:23","date_gmt":"2023-08-08T20:23:23","guid":{"rendered":"https:\/\/radiosoulvidafm.com.br\/?p=724"},"modified":"2023-08-08T20:26:26","modified_gmt":"2023-08-08T20:26:26","slug":"prefeitura-garante-a-seguranca-de-familias-em-regioes-de-alto-risco","status":"publish","type":"post","link":"https:\/\/radiosoulvidafm.com.br\/index.php\/2023\/08\/08\/prefeitura-garante-a-seguranca-de-familias-em-regioes-de-alto-risco\/","title":{"rendered":"Prefeitura garante a seguran\u00e7a de fam\u00edlias em regi\u00f5es de alto risco"},"content":{"rendered":"<div class='flex_column av-13cyl8-86c72c85a828694a6b119b2fdf88a421 av_one_full  avia-builder-el-0  el_before_av_hr  avia-builder-el-first  first flex_column_div '   ><section  class='av_textblock_section av-ll2qz0hl-33fe24690a3c4ecf6808e93765365d88 '  itemscope=\"itemscope\" itemtype=\"https:\/\/schema.org\/BlogPosting\" itemprop=\"blogPost\" ><div class='avia_textblock '  itemprop=\"text\" ><h2>Prefeitura garante a seguran\u00e7a de fam\u00edlias em regi\u00f5es de alto risco<\/h2>\n<h4>Ricardo Nunes visita a regi\u00e3o da zona leste para fiscalizar as obras que est\u00e3o em andamento<\/h4>\n<p><em>Por Romulo Bonfim e Nath\u00e1lia Moreira<\/em><\/p>\n<p>O prefeito da capital paulistana Ricardo Nunes visitou o bairro de S\u00e3o Matheus na regi\u00e3o leste da capital, no \u00faltimo dia 04 de agosto, em uma das edi\u00e7\u00f5es da a\u00e7\u00e3o \u201cPrefeitura Presente\u201d, para acompanhar as obras do \u201cC\u00f3rrego Recanto Verde do Sol\u201d e garantiu a seguran\u00e7a de fam\u00edlias das \u00e1reas de alto risco da regi\u00e3o.<br \/>\nEm entrevista com a central de not\u00edcias das r\u00e1dios comunit\u00e1rias, Nunes destacou que j\u00e1 foi entregue 10 (dez) c\u00f3rregos e mais 10 (dez) seguem em obras, al\u00e9m de quatro (04) conten\u00e7\u00f5es de encostas. \u201cNas \u00e1reas de risco s\u00f3 em S\u00e3o Matheus, tem um total de R$230,000 milh\u00f5es de investimento\u201d.<\/p>\n<p>Ricardo Nunes ressalta que todo esse investimento garantiu a seguran\u00e7a de 127 mil moradores da regi\u00e3o, com 596,7 metros de obras nas margens dos c\u00f3rregos, restabelecendo o seu curso natural.<\/p>\n<p><strong>Inaugura\u00e7\u00e3o da creche<\/strong><\/p>\n<p>O prefeito aproveitou sua ida ao bairro para inaugurar o CEI (Centro\u00a0 Educacional Infantil) Milton Gon\u00e7alves, que atender\u00e1 200 crian\u00e7as da localidade. \u201cEntre 2013 a 2016 haviam 120 mil crian\u00e7as esperando vaga para creche, hoje tem vaga para todo mundo\u201d, afirma Nunes.<br \/>\nEm pronunciamento, o chefe do executivo paulistano destacou a premia\u00e7\u00e3o que estendeu para as creches conveniadas. \u201cEu fico muito feliz que no ano passado n\u00f3s institu\u00edmos um pr\u00eamio para todos os funcion\u00e1rios [&#8230;] que a rede direta tinha e n\u00e3o havia para a rede conveniada\u201d.<\/p>\n<\/div><\/section><\/div><div  class='hr av-zfzqs-a5b3eea6dd15711b7be665f757da766c hr-default  avia-builder-el-2  el_after_av_one_full  el_before_av_four_fifth  '><span class='hr-inner '><span class=\"hr-inner-style\"><\/span><\/span><\/div><\/p>\n<div class='flex_column av-syoto-40ff7fcb673ec90ebd1204b1e2c2b445 av_four_fifth  avia-builder-el-3  el_after_av_hr  el_before_av_hr  first flex_column_div '   ><p>\n<style type=\"text\/css\" data-created_by=\"avia_inline_auto\" id=\"style-css-av-1wwhw-a7e7da005c5769df2609602fea99ba19\">\n#top .av-special-heading.av-1wwhw-a7e7da005c5769df2609602fea99ba19{\npadding-bottom:10px;\n}\n<\/style>\n<div  class='av-special-heading av-1wwhw-a7e7da005c5769df2609602fea99ba19 av-special-heading-h3  avia-builder-el-4  el_before_av_hr  avia-builder-el-first  '><h3 class='av-special-heading-tag '  itemprop=\"headline\"  >V\u00cdDEO: <\/h3><div class='special-heading-border'><div class='special-heading-inner-border'><\/div><\/div><\/div><br \/>\n\n<style type=\"text\/css\" data-created_by=\"avia_inline_auto\" id=\"style-css-av-hhdys-10badbea60254fdfec66fa4799b7ef8e\">\n#top .hr.hr-invisible.av-hhdys-10badbea60254fdfec66fa4799b7ef8e{\nheight:30px;\n}\n<\/style>\n<div  class='hr av-hhdys-10badbea60254fdfec66fa4799b7ef8e hr-invisible  avia-builder-el-5  el_after_av_heading  el_before_av_video  '><span class='hr-inner '><span class=\"hr-inner-style\"><\/span><\/span><\/div><br \/>\n\n<style type=\"text\/css\" data-created_by=\"avia_inline_auto\" id=\"style-css-av-ll2r07yp-cf75cb06b7c8201c777d81c167ab1440\">\n.avia-video.av-ll2r07yp-cf75cb06b7c8201c777d81c167ab1440{\nbackground-image:url(https:\/\/radiosoulvidafm.com.br\/wp-content\/uploads\/2022\/01\/central_de_noticiais-1.jpg);\n}\n<\/style>\n<div  class='avia-video av-ll2r07yp-cf75cb06b7c8201c777d81c167ab1440 avia-video-16-9 avia-video-html5 '  itemprop=\"video\" itemtype=\"https:\/\/schema.org\/VideoObject\"  data-original_url='https:\/\/radiosoulvidafm.com.br\/wp-content\/uploads\/2023\/08\/CENTRAL-DE-NOTICIAS-Ricardo-Nunes-SAO-MATHEUS.mp4'><video class='avia_video' poster=\"https:\/\/radiosoulvidafm.com.br\/wp-content\/uploads\/2022\/01\/central_de_noticiais-1.jpg\"   preload=\"auto\"  controls id='player_724_527126805_31117741'><source src=\"https:\/\/radiosoulvidafm.com.br\/wp-content\/uploads\/2023\/08\/CENTRAL-DE-NOTICIAS-Ricardo-Nunes-SAO-MATHEUS.mp4\" type=\"video\/mp4\" \/><\/video><\/div><\/p><\/div>\n<div  class='hr av-avywc-c0b305167d38f66c1dd266bfc2abcaad hr-default  avia-builder-el-7  el_after_av_four_fifth  avia-builder-el-last  '><span class='hr-inner '><span class=\"hr-inner-style\"><\/span><\/span><\/div>\n","protected":false},"excerpt":{"rendered":"<p>Ricardo Nunes visita a regi\u00e3o da zona leste para fiscalizar as obras que est\u00e3o em andamento<\/p>\n","protected":false},"author":1,"featured_media":305,"comment_status":"open","ping_status":"open","sticky":false,"template":"","format":"standard","meta":{"footnotes":""},"categories":[2],"tags":[],"class_list":["post-724","post","type-post","status-publish","format-standard","has-post-thumbnail","hentry","category-noticias"],"_links":{"self":[{"href":"https:\/\/radiosoulvidafm.com.br\/index.php\/wp-json\/wp\/v2\/posts\/724","targetHints":{"allow":["GET"]}}],"collection":[{"href":"https:\/\/radiosoulvidafm.com.br\/index.php\/wp-json\/wp\/v2\/posts"}],"about":[{"href":"https:\/\/radiosoulvidafm.com.br\/index.php\/wp-json\/wp\/v2\/types\/post"}],"author":[{"embeddable":true,"href":"https:\/\/radiosoulvidafm.com.br\/index.php\/wp-json\/wp\/v2\/users\/1"}],"replies":[{"embeddable":true,"href":"https:\/\/radiosoulvidafm.com.br\/index.php\/wp-json\/wp\/v2\/comments?post=724"}],"version-history":[{"count":3,"href":"https:\/\/radiosoulvidafm.com.br\/index.php\/wp-json\/wp\/v2\/posts\/724\/revisions"}],"predecessor-version":[{"id":728,"href":"https:\/\/radiosoulvidafm.com.br\/index.php\/wp-json\/wp\/v2\/posts\/724\/revisions\/728"}],"wp:featuredmedia":[{"embeddable":true,"href":"https:\/\/radiosoulvidafm.com.br\/index.php\/wp-json\/wp\/v2\/media\/305"}],"wp:attachment":[{"href":"https:\/\/radiosoulvidafm.com.br\/index.php\/wp-json\/wp\/v2\/media?parent=724"}],"wp:term":[{"taxonomy":"category","embeddable":true,"href":"https:\/\/radiosoulvidafm.com.br\/index.php\/wp-json\/wp\/v2\/categories?post=724"},{"taxonomy":"post_tag","embeddable":true,"href":"https:\/\/radiosoulvidafm.com.br\/index.php\/wp-json\/wp\/v2\/tags?post=724"}],"curies":[{"name":"wp","href":"https:\/\/api.w.org\/{rel}","templated":true}]}}